{"id":5354,"date":"2020-12-09T12:05:38","date_gmt":"2020-12-09T11:05:38","guid":{"rendered":"https:\/\/vitaminkistl.at\/?p=5354"},"modified":"2020-12-09T12:05:41","modified_gmt":"2020-12-09T11:05:41","slug":"alt-wien-kaffee","status":"publish","type":"post","link":"https:\/\/vitaminkistl.at\/index.php\/2020\/12\/09\/alt-wien-kaffee\/","title":{"rendered":"Alt Wien Kaffee"},"content":{"rendered":"<div id='full_slider_1'  class='avia-fullwidth-slider main_color avia-shadow   avia-builder-el-0  el_before_av_one_fifth  avia-builder-el-first   container_wrap sidebar_right'  ><div  class='avia-slideshow av-kbqhsfzr-fe9d92124ac59e5b30eb9893c8739b96 avia-slideshow-no scaling av_slideshow_full avia-slide-slider av-slideshow-ui av-control-default av-slideshow-manual av-loop-once av-loop-manual-endless av-default-height-applied  image_no_stretch avia-slideshow-1' data-slideshow-options=\"{&quot;animation&quot;:&quot;slide&quot;,&quot;autoplay&quot;:false,&quot;loop_autoplay&quot;:&quot;once&quot;,&quot;interval&quot;:5,&quot;loop_manual&quot;:&quot;manual-endless&quot;,&quot;autoplay_stopper&quot;:false,&quot;noNavigation&quot;:false,&quot;bg_slider&quot;:false,&quot;keep_padding&quot;:false,&quot;hoverpause&quot;:false,&quot;show_slide_delay&quot;:0}\"  itemprop=\"image\" itemscope=\"itemscope\" itemtype=\"https:\/\/schema.org\/ImageObject\" ><ul class='avia-slideshow-inner ' style='padding-bottom: 150%;'><li  class='avia-slideshow-slide av-kbqhsfzr-fe9d92124ac59e5b30eb9893c8739b96__0  av-single-slide slide-1 slide-odd'><div data-rel='slideshow-1' class='avia-slide-wrap '  title='imagebild' ><img decoding=\"async\" fetchpriority=\"high\" class=\"wp-image-5355 avia-img-lazy-loading-not-5355\"  src=\"https:\/\/vitaminkistl.at\/wp-content\/uploads\/2020\/12\/imagebild.jpg\" width=\"400\" height=\"600\" title='imagebild' alt='imagebild'  itemprop=\"thumbnailUrl\" srcset=\"https:\/\/vitaminkistl.at\/wp-content\/uploads\/2020\/12\/imagebild.jpg 400w, https:\/\/vitaminkistl.at\/wp-content\/uploads\/2020\/12\/imagebild-200x300.jpg 200w\" sizes=\"(max-width: 400px) 100vw, 400px\" \/><\/div><\/li><\/ul><\/div><\/div><div id='after_full_slider_1'  class='main_color av_default_container_wrap container_wrap sidebar_right'  ><div class='container av-section-cont-open' ><div class='template-page content  av-content-small alpha units'><div class='post-entry post-entry-type-page post-entry-5354'><div class='entry-content-wrapper clearfix'>\n\n<style type=\"text\/css\" data-created_by=\"avia_inline_auto\" id=\"style-css-av-62jvlc-2564d9b465ef3238013e4bdf97c84482\">\n.flex_column.av-62jvlc-2564d9b465ef3238013e4bdf97c84482{\nborder-radius:0px 0px 0px 0px;\npadding:0px 0px 0px 0px;\n}\n<\/style>\n<div  class='flex_column av-62jvlc-2564d9b465ef3238013e4bdf97c84482 av_one_fifth  avia-builder-el-1  el_after_av_slideshow_full  el_before_av_three_fifth  avia-builder-el-first  first flex_column_div av-zero-column-padding  '     ><\/div>\n\n<style type=\"text\/css\" data-created_by=\"avia_inline_auto\" id=\"style-css-av-4ejdtc-79bfa8ffd1cc743a4f8bc2b9306f70d6\">\n.flex_column.av-4ejdtc-79bfa8ffd1cc743a4f8bc2b9306f70d6{\nborder-radius:0px 0px 0px 0px;\npadding:0px 0px 0px 0px;\n}\n<\/style>\n<div  class='flex_column av-4ejdtc-79bfa8ffd1cc743a4f8bc2b9306f70d6 av_three_fifth  avia-builder-el-2  el_after_av_one_fifth  el_before_av_one_fifth  flex_column_div av-zero-column-padding  '     ><p>\n<style type=\"text\/css\" data-created_by=\"avia_inline_auto\" id=\"style-css-av-av_heading-4dcea80a94c80427432f906c378d44a3\">\n#top .av-special-heading.av-av_heading-4dcea80a94c80427432f906c378d44a3{\npadding-bottom:10px;\n}\nbody .av-special-heading.av-av_heading-4dcea80a94c80427432f906c378d44a3 .av-special-heading-tag .heading-char{\nfont-size:25px;\n}\n.av-special-heading.av-av_heading-4dcea80a94c80427432f906c378d44a3 .av-subheading{\nfont-size:15px;\n}\n<\/style>\n<div  class='av-special-heading av-av_heading-4dcea80a94c80427432f906c378d44a3 av-special-heading-h3  avia-builder-el-3  el_before_av_textblock  avia-builder-el-first '><h3 class='av-special-heading-tag '  itemprop=\"headline\"  >Alt Wien Kaffee<\/h3><div class=\"special-heading-border\"><div class=\"special-heading-inner-border\"><\/div><\/div><\/div><br \/>\n<section  class='av_textblock_section av-kbqhq5b4-16dcfd1114aeb5ffbf0b88d1c827acd8 '   itemscope=\"itemscope\" itemtype=\"https:\/\/schema.org\/BlogPosting\" itemprop=\"blogPost\" ><div class='avia_textblock'  itemprop=\"text\" ><p>Sehr guter Kaffee ist nicht Raketenforschung. Mit etwas Begeisterung und Hingabe kann jeder zu einem k\u00f6stlichen Ergebnis kommen. Es ist ein erkl\u00e4rtes Ziel von uns, unsere Kunden dazu zu erm\u00e4chtigen und ihnen ein denkw\u00fcrdiges Kaffeeerlebnis zu erm\u00f6glichen \u2013 am besten jeden Tag.<\/p>\n<p>Philosophie<br \/>\nAusgezeichneter Kaffee ist hingegen schon Raketenforschung. Wir sprechen dabei von Partikelgr\u00f6\u00dfen, Extraktionszeiten, Redistributionstools, TDS-Werten, anaerobisch fermentierten Kaffees und PreWetting. Auch in diesem Bereich sind wir gerne f\u00fcr unsere Kunden da und beraten, wie man dem Kaffee noch ein paar Prozent mehr herauslocken kann.<\/p>\n<p>Unsere Philosophie ist es, die nach unserem Empfinden besten Kaffees der Welt, wenn m\u00f6glich in Bioqualit\u00e4t von uns bekannten, fair bezahlten Kaffeebauern, ad\u00e4quat ger\u00f6stet, also dem jeweils gew\u00fcnschten Verwendungszweck angepasst, ohne Tricks wie Zugabe von Wasser oder Zucker so frisch wie m\u00f6glich zu produzieren, zu verkaufen und zu genie\u00dfen.<\/p>\n<p>Christian Schr\u00f6dl ist Gr\u00fcnder und Inhaber von ALT WIEN KAFFEE. Seit dem Jahr 2000, als er die R\u00f6sterei vom Vorbesitzer G. Alfon \u00fcbernahm, leitet er die Geschicke der Firma als Gesch\u00e4ftsf\u00fchrer. Schon vor 20 Jahren sah er es also seine Mission an, den besten Kaffee der Stadt zu produzieren. Sein beruflicher Hintergrund liegt in Verkauf und Werbung, seine Hobbys sind Kochen, (gutes) Essen und mehrere doppelte Carusos in der Fr\u00fch.<\/p>\n<p>Entdecke\u00a0<a href=\"https:\/\/vitaminkistl.at\/index.php\/shop\/?filter_hersteller=alt-wien-kaffee\">unsere Produkte<\/a>!<\/p>\n<\/div><\/section><\/p><\/div>\n<style type=\"text\/css\" data-created_by=\"avia_inline_auto\" id=\"style-css-av-35ldcw-a214ee47830285e3ed92247fc2b1973a\">\n.flex_column.av-35ldcw-a214ee47830285e3ed92247fc2b1973a{\nborder-radius:0px 0px 0px 0px;\npadding:0px 0px 0px 0px;\n}\n<\/style>\n<div  class='flex_column av-35ldcw-a214ee47830285e3ed92247fc2b1973a av_one_fifth  avia-builder-el-5  el_after_av_three_fifth  avia-builder-el-last  flex_column_div av-zero-column-padding  '     ><\/div><\/p>\n","protected":false},"excerpt":{"rendered":"","protected":false},"author":6,"featured_media":5355,"comment_status":"open","ping_status":"open","sticky":false,"template":"","format":"standard","meta":{"footnotes":""},"categories":[38],"tags":[],"class_list":["post-5354","post","type-post","status-publish","format-standard","has-post-thumbnail","hentry","category-produzenten"],"yoast_head":"<!-- This site is optimized with the Yoast SEO plugin v27.4 - https:\/\/yoast.com\/product\/yoast-seo-wordpress\/ -->\n<title>Vitaminkistl - vitaminkistl.at - regional saisonal mit Liebe<\/title>\n<meta name=\"description\" content=\"Wir vom Vitaminkistl haben es uns zur Aufgabe gemacht, euch mit regionalen K\u00f6stlichkeiten zu verw\u00f6hnen.\" \/>\n<meta name=\"robots\" content=\"index, follow, max-snippet:-1, max-image-preview:large, max-video-preview:-1\" \/>\n<link rel=\"canonical\" href=\"https:\/\/vitaminkistl.at\/index.php\/2020\/12\/09\/alt-wien-kaffee\/\" \/>\n<meta property=\"og:locale\" content=\"de_DE\" \/>\n<meta property=\"og:type\" content=\"article\" \/>\n<meta property=\"og:title\" content=\"Vitaminkistl - vitaminkistl.at - regional saisonal mit Liebe\" \/>\n<meta property=\"og:description\" content=\"Wir vom Vitaminkistl haben es uns zur Aufgabe gemacht, euch mit regionalen K\u00f6stlichkeiten zu verw\u00f6hnen.\" \/>\n<meta property=\"og:url\" content=\"https:\/\/vitaminkistl.at\/index.php\/2020\/12\/09\/alt-wien-kaffee\/\" \/>\n<meta property=\"og:site_name\" content=\"vitaminkistl.at\" \/>\n<meta property=\"article:published_time\" content=\"2020-12-09T11:05:38+00:00\" \/>\n<meta property=\"article:modified_time\" content=\"2020-12-09T11:05:41+00:00\" \/>\n<meta property=\"og:image\" content=\"https:\/\/vitaminkistl.at\/wp-content\/uploads\/2020\/12\/imagebild.jpg\" \/>\n\t<meta property=\"og:image:width\" content=\"400\" \/>\n\t<meta property=\"og:image:height\" content=\"600\" \/>\n\t<meta property=\"og:image:type\" content=\"image\/jpeg\" \/>\n<meta name=\"author\" content=\"Anna Weinhofer\" \/>\n<meta name=\"twitter:card\" content=\"summary_large_image\" \/>\n<meta name=\"twitter:label1\" content=\"Verfasst von\" \/>\n\t<meta name=\"twitter:data1\" content=\"Anna Weinhofer\" \/>\n\t<meta name=\"twitter:label2\" content=\"Gesch\u00e4tzte Lesezeit\" \/>\n\t<meta name=\"twitter:data2\" content=\"4\u00a0Minuten\" \/>\n<script type=\"application\/ld+json\" class=\"yoast-schema-graph\">{\"@context\":\"https:\\\/\\\/schema.org\",\"@graph\":[{\"@type\":\"Article\",\"@id\":\"https:\\\/\\\/vitaminkistl.at\\\/index.php\\\/2020\\\/12\\\/09\\\/alt-wien-kaffee\\\/#article\",\"isPartOf\":{\"@id\":\"https:\\\/\\\/vitaminkistl.at\\\/index.php\\\/2020\\\/12\\\/09\\\/alt-wien-kaffee\\\/\"},\"author\":{\"name\":\"Anna Weinhofer\",\"@id\":\"https:\\\/\\\/vitaminkistl.at\\\/#\\\/schema\\\/person\\\/80e0dee5965dfbb38ba50ad99b886a74\"},\"headline\":\"Alt Wien Kaffee\",\"datePublished\":\"2020-12-09T11:05:38+00:00\",\"dateModified\":\"2020-12-09T11:05:41+00:00\",\"mainEntityOfPage\":{\"@id\":\"https:\\\/\\\/vitaminkistl.at\\\/index.php\\\/2020\\\/12\\\/09\\\/alt-wien-kaffee\\\/\"},\"wordCount\":722,\"commentCount\":0,\"publisher\":{\"@id\":\"https:\\\/\\\/vitaminkistl.at\\\/#organization\"},\"image\":{\"@id\":\"https:\\\/\\\/vitaminkistl.at\\\/index.php\\\/2020\\\/12\\\/09\\\/alt-wien-kaffee\\\/#primaryimage\"},\"thumbnailUrl\":\"https:\\\/\\\/vitaminkistl.at\\\/wp-content\\\/uploads\\\/2020\\\/12\\\/imagebild.jpg\",\"articleSection\":[\"Produzenten\"],\"inLanguage\":\"de\",\"potentialAction\":[{\"@type\":\"CommentAction\",\"name\":\"Comment\",\"target\":[\"https:\\\/\\\/vitaminkistl.at\\\/index.php\\\/2020\\\/12\\\/09\\\/alt-wien-kaffee\\\/#respond\"]}]},{\"@type\":\"WebPage\",\"@id\":\"https:\\\/\\\/vitaminkistl.at\\\/index.php\\\/2020\\\/12\\\/09\\\/alt-wien-kaffee\\\/\",\"url\":\"https:\\\/\\\/vitaminkistl.at\\\/index.php\\\/2020\\\/12\\\/09\\\/alt-wien-kaffee\\\/\",\"name\":\"Vitaminkistl - vitaminkistl.at - regional saisonal mit Liebe\",\"isPartOf\":{\"@id\":\"https:\\\/\\\/vitaminkistl.at\\\/#website\"},\"primaryImageOfPage\":{\"@id\":\"https:\\\/\\\/vitaminkistl.at\\\/index.php\\\/2020\\\/12\\\/09\\\/alt-wien-kaffee\\\/#primaryimage\"},\"image\":{\"@id\":\"https:\\\/\\\/vitaminkistl.at\\\/index.php\\\/2020\\\/12\\\/09\\\/alt-wien-kaffee\\\/#primaryimage\"},\"thumbnailUrl\":\"https:\\\/\\\/vitaminkistl.at\\\/wp-content\\\/uploads\\\/2020\\\/12\\\/imagebild.jpg\",\"datePublished\":\"2020-12-09T11:05:38+00:00\",\"dateModified\":\"2020-12-09T11:05:41+00:00\",\"description\":\"Wir vom Vitaminkistl haben es uns zur Aufgabe gemacht, euch mit regionalen K\u00f6stlichkeiten zu verw\u00f6hnen.\",\"breadcrumb\":{\"@id\":\"https:\\\/\\\/vitaminkistl.at\\\/index.php\\\/2020\\\/12\\\/09\\\/alt-wien-kaffee\\\/#breadcrumb\"},\"inLanguage\":\"de\",\"potentialAction\":[{\"@type\":\"ReadAction\",\"target\":[\"https:\\\/\\\/vitaminkistl.at\\\/index.php\\\/2020\\\/12\\\/09\\\/alt-wien-kaffee\\\/\"]}]},{\"@type\":\"ImageObject\",\"inLanguage\":\"de\",\"@id\":\"https:\\\/\\\/vitaminkistl.at\\\/index.php\\\/2020\\\/12\\\/09\\\/alt-wien-kaffee\\\/#primaryimage\",\"url\":\"https:\\\/\\\/vitaminkistl.at\\\/wp-content\\\/uploads\\\/2020\\\/12\\\/imagebild.jpg\",\"contentUrl\":\"https:\\\/\\\/vitaminkistl.at\\\/wp-content\\\/uploads\\\/2020\\\/12\\\/imagebild.jpg\",\"width\":400,\"height\":600,\"caption\":\"imagebild\"},{\"@type\":\"BreadcrumbList\",\"@id\":\"https:\\\/\\\/vitaminkistl.at\\\/index.php\\\/2020\\\/12\\\/09\\\/alt-wien-kaffee\\\/#breadcrumb\",\"itemListElement\":[{\"@type\":\"ListItem\",\"position\":1,\"name\":\"Home\",\"item\":\"https:\\\/\\\/vitaminkistl.at\\\/index.php\\\/vitaminkistl\\\/\"},{\"@type\":\"ListItem\",\"position\":2,\"name\":\"Alt Wien Kaffee\"}]},{\"@type\":\"WebSite\",\"@id\":\"https:\\\/\\\/vitaminkistl.at\\\/#website\",\"url\":\"https:\\\/\\\/vitaminkistl.at\\\/\",\"name\":\"vitaminkistl.at\",\"description\":\"Das regionale Obst bzw. Gem\u00fcsekistl\",\"publisher\":{\"@id\":\"https:\\\/\\\/vitaminkistl.at\\\/#organization\"},\"potentialAction\":[{\"@type\":\"SearchAction\",\"target\":{\"@type\":\"EntryPoint\",\"urlTemplate\":\"https:\\\/\\\/vitaminkistl.at\\\/?s={search_term_string}\"},\"query-input\":{\"@type\":\"PropertyValueSpecification\",\"valueRequired\":true,\"valueName\":\"search_term_string\"}}],\"inLanguage\":\"de\"},{\"@type\":\"Organization\",\"@id\":\"https:\\\/\\\/vitaminkistl.at\\\/#organization\",\"name\":\"Vitaminkistl\",\"url\":\"https:\\\/\\\/vitaminkistl.at\\\/\",\"logo\":{\"@type\":\"ImageObject\",\"inLanguage\":\"de\",\"@id\":\"https:\\\/\\\/vitaminkistl.at\\\/#\\\/schema\\\/logo\\\/image\\\/\",\"url\":\"https:\\\/\\\/vitaminkistl.at\\\/wp-content\\\/uploads\\\/2020\\\/03\\\/Logo_Vitaminkistl_v1.png\",\"contentUrl\":\"https:\\\/\\\/vitaminkistl.at\\\/wp-content\\\/uploads\\\/2020\\\/03\\\/Logo_Vitaminkistl_v1.png\",\"width\":1036,\"height\":291,\"caption\":\"Vitaminkistl\"},\"image\":{\"@id\":\"https:\\\/\\\/vitaminkistl.at\\\/#\\\/schema\\\/logo\\\/image\\\/\"}},{\"@type\":\"Person\",\"@id\":\"https:\\\/\\\/vitaminkistl.at\\\/#\\\/schema\\\/person\\\/80e0dee5965dfbb38ba50ad99b886a74\",\"name\":\"Anna Weinhofer\",\"image\":{\"@type\":\"ImageObject\",\"inLanguage\":\"de\",\"@id\":\"https:\\\/\\\/secure.gravatar.com\\\/avatar\\\/ac61c4a44f033b5f85ae19d0a8f0f89e16c393d6ab35614d562ff744a3c1fa3f?s=96&d=mm&r=g\",\"url\":\"https:\\\/\\\/secure.gravatar.com\\\/avatar\\\/ac61c4a44f033b5f85ae19d0a8f0f89e16c393d6ab35614d562ff744a3c1fa3f?s=96&d=mm&r=g\",\"contentUrl\":\"https:\\\/\\\/secure.gravatar.com\\\/avatar\\\/ac61c4a44f033b5f85ae19d0a8f0f89e16c393d6ab35614d562ff744a3c1fa3f?s=96&d=mm&r=g\",\"caption\":\"Anna Weinhofer\"},\"url\":\"https:\\\/\\\/vitaminkistl.at\\\/index.php\\\/author\\\/vkaweinhofer\\\/\"}]}<\/script>\n<!-- \/ Yoast SEO plugin. -->","yoast_head_json":{"title":"Vitaminkistl - vitaminkistl.at - regional saisonal mit Liebe","description":"Wir vom Vitaminkistl haben es uns zur Aufgabe gemacht, euch mit regionalen K\u00f6stlichkeiten zu verw\u00f6hnen.","robots":{"index":"index","follow":"follow","max-snippet":"max-snippet:-1","max-image-preview":"max-image-preview:large","max-video-preview":"max-video-preview:-1"},"canonical":"https:\/\/vitaminkistl.at\/index.php\/2020\/12\/09\/alt-wien-kaffee\/","og_locale":"de_DE","og_type":"article","og_title":"Vitaminkistl - vitaminkistl.at - regional saisonal mit Liebe","og_description":"Wir vom Vitaminkistl haben es uns zur Aufgabe gemacht, euch mit regionalen K\u00f6stlichkeiten zu verw\u00f6hnen.","og_url":"https:\/\/vitaminkistl.at\/index.php\/2020\/12\/09\/alt-wien-kaffee\/","og_site_name":"vitaminkistl.at","article_published_time":"2020-12-09T11:05:38+00:00","article_modified_time":"2020-12-09T11:05:41+00:00","og_image":[{"width":400,"height":600,"url":"https:\/\/vitaminkistl.at\/wp-content\/uploads\/2020\/12\/imagebild.jpg","type":"image\/jpeg"}],"author":"Anna Weinhofer","twitter_card":"summary_large_image","twitter_misc":{"Verfasst von":"Anna Weinhofer","Gesch\u00e4tzte Lesezeit":"4\u00a0Minuten"},"schema":{"@context":"https:\/\/schema.org","@graph":[{"@type":"Article","@id":"https:\/\/vitaminkistl.at\/index.php\/2020\/12\/09\/alt-wien-kaffee\/#article","isPartOf":{"@id":"https:\/\/vitaminkistl.at\/index.php\/2020\/12\/09\/alt-wien-kaffee\/"},"author":{"name":"Anna Weinhofer","@id":"https:\/\/vitaminkistl.at\/#\/schema\/person\/80e0dee5965dfbb38ba50ad99b886a74"},"headline":"Alt Wien Kaffee","datePublished":"2020-12-09T11:05:38+00:00","dateModified":"2020-12-09T11:05:41+00:00","mainEntityOfPage":{"@id":"https:\/\/vitaminkistl.at\/index.php\/2020\/12\/09\/alt-wien-kaffee\/"},"wordCount":722,"commentCount":0,"publisher":{"@id":"https:\/\/vitaminkistl.at\/#organization"},"image":{"@id":"https:\/\/vitaminkistl.at\/index.php\/2020\/12\/09\/alt-wien-kaffee\/#primaryimage"},"thumbnailUrl":"https:\/\/vitaminkistl.at\/wp-content\/uploads\/2020\/12\/imagebild.jpg","articleSection":["Produzenten"],"inLanguage":"de","potentialAction":[{"@type":"CommentAction","name":"Comment","target":["https:\/\/vitaminkistl.at\/index.php\/2020\/12\/09\/alt-wien-kaffee\/#respond"]}]},{"@type":"WebPage","@id":"https:\/\/vitaminkistl.at\/index.php\/2020\/12\/09\/alt-wien-kaffee\/","url":"https:\/\/vitaminkistl.at\/index.php\/2020\/12\/09\/alt-wien-kaffee\/","name":"Vitaminkistl - vitaminkistl.at - regional saisonal mit Liebe","isPartOf":{"@id":"https:\/\/vitaminkistl.at\/#website"},"primaryImageOfPage":{"@id":"https:\/\/vitaminkistl.at\/index.php\/2020\/12\/09\/alt-wien-kaffee\/#primaryimage"},"image":{"@id":"https:\/\/vitaminkistl.at\/index.php\/2020\/12\/09\/alt-wien-kaffee\/#primaryimage"},"thumbnailUrl":"https:\/\/vitaminkistl.at\/wp-content\/uploads\/2020\/12\/imagebild.jpg","datePublished":"2020-12-09T11:05:38+00:00","dateModified":"2020-12-09T11:05:41+00:00","description":"Wir vom Vitaminkistl haben es uns zur Aufgabe gemacht, euch mit regionalen K\u00f6stlichkeiten zu verw\u00f6hnen.","breadcrumb":{"@id":"https:\/\/vitaminkistl.at\/index.php\/2020\/12\/09\/alt-wien-kaffee\/#breadcrumb"},"inLanguage":"de","potentialAction":[{"@type":"ReadAction","target":["https:\/\/vitaminkistl.at\/index.php\/2020\/12\/09\/alt-wien-kaffee\/"]}]},{"@type":"ImageObject","inLanguage":"de","@id":"https:\/\/vitaminkistl.at\/index.php\/2020\/12\/09\/alt-wien-kaffee\/#primaryimage","url":"https:\/\/vitaminkistl.at\/wp-content\/uploads\/2020\/12\/imagebild.jpg","contentUrl":"https:\/\/vitaminkistl.at\/wp-content\/uploads\/2020\/12\/imagebild.jpg","width":400,"height":600,"caption":"imagebild"},{"@type":"BreadcrumbList","@id":"https:\/\/vitaminkistl.at\/index.php\/2020\/12\/09\/alt-wien-kaffee\/#breadcrumb","itemListElement":[{"@type":"ListItem","position":1,"name":"Home","item":"https:\/\/vitaminkistl.at\/index.php\/vitaminkistl\/"},{"@type":"ListItem","position":2,"name":"Alt Wien Kaffee"}]},{"@type":"WebSite","@id":"https:\/\/vitaminkistl.at\/#website","url":"https:\/\/vitaminkistl.at\/","name":"vitaminkistl.at","description":"Das regionale Obst bzw. Gem\u00fcsekistl","publisher":{"@id":"https:\/\/vitaminkistl.at\/#organization"},"potentialAction":[{"@type":"SearchAction","target":{"@type":"EntryPoint","urlTemplate":"https:\/\/vitaminkistl.at\/?s={search_term_string}"},"query-input":{"@type":"PropertyValueSpecification","valueRequired":true,"valueName":"search_term_string"}}],"inLanguage":"de"},{"@type":"Organization","@id":"https:\/\/vitaminkistl.at\/#organization","name":"Vitaminkistl","url":"https:\/\/vitaminkistl.at\/","logo":{"@type":"ImageObject","inLanguage":"de","@id":"https:\/\/vitaminkistl.at\/#\/schema\/logo\/image\/","url":"https:\/\/vitaminkistl.at\/wp-content\/uploads\/2020\/03\/Logo_Vitaminkistl_v1.png","contentUrl":"https:\/\/vitaminkistl.at\/wp-content\/uploads\/2020\/03\/Logo_Vitaminkistl_v1.png","width":1036,"height":291,"caption":"Vitaminkistl"},"image":{"@id":"https:\/\/vitaminkistl.at\/#\/schema\/logo\/image\/"}},{"@type":"Person","@id":"https:\/\/vitaminkistl.at\/#\/schema\/person\/80e0dee5965dfbb38ba50ad99b886a74","name":"Anna Weinhofer","image":{"@type":"ImageObject","inLanguage":"de","@id":"https:\/\/secure.gravatar.com\/avatar\/ac61c4a44f033b5f85ae19d0a8f0f89e16c393d6ab35614d562ff744a3c1fa3f?s=96&d=mm&r=g","url":"https:\/\/secure.gravatar.com\/avatar\/ac61c4a44f033b5f85ae19d0a8f0f89e16c393d6ab35614d562ff744a3c1fa3f?s=96&d=mm&r=g","contentUrl":"https:\/\/secure.gravatar.com\/avatar\/ac61c4a44f033b5f85ae19d0a8f0f89e16c393d6ab35614d562ff744a3c1fa3f?s=96&d=mm&r=g","caption":"Anna Weinhofer"},"url":"https:\/\/vitaminkistl.at\/index.php\/author\/vkaweinhofer\/"}]}},"_links":{"self":[{"href":"https:\/\/vitaminkistl.at\/index.php\/wp-json\/wp\/v2\/posts\/5354","targetHints":{"allow":["GET"]}}],"collection":[{"href":"https:\/\/vitaminkistl.at\/index.php\/wp-json\/wp\/v2\/posts"}],"about":[{"href":"https:\/\/vitaminkistl.at\/index.php\/wp-json\/wp\/v2\/types\/post"}],"author":[{"embeddable":true,"href":"https:\/\/vitaminkistl.at\/index.php\/wp-json\/wp\/v2\/users\/6"}],"replies":[{"embeddable":true,"href":"https:\/\/vitaminkistl.at\/index.php\/wp-json\/wp\/v2\/comments?post=5354"}],"version-history":[{"count":3,"href":"https:\/\/vitaminkistl.at\/index.php\/wp-json\/wp\/v2\/posts\/5354\/revisions"}],"predecessor-version":[{"id":5359,"href":"https:\/\/vitaminkistl.at\/index.php\/wp-json\/wp\/v2\/posts\/5354\/revisions\/5359"}],"wp:featuredmedia":[{"embeddable":true,"href":"https:\/\/vitaminkistl.at\/index.php\/wp-json\/wp\/v2\/media\/5355"}],"wp:attachment":[{"href":"https:\/\/vitaminkistl.at\/index.php\/wp-json\/wp\/v2\/media?parent=5354"}],"wp:term":[{"taxonomy":"category","embeddable":true,"href":"https:\/\/vitaminkistl.at\/index.php\/wp-json\/wp\/v2\/categories?post=5354"},{"taxonomy":"post_tag","embeddable":true,"href":"https:\/\/vitaminkistl.at\/index.php\/wp-json\/wp\/v2\/tags?post=5354"}],"curies":[{"name":"wp","href":"https:\/\/api.w.org\/{rel}","templated":true}]}}