{"id":3696,"date":"2020-06-22T14:43:42","date_gmt":"2020-06-22T12:43:42","guid":{"rendered":"http:\/\/vitaminkistl.at\/?p=3696"},"modified":"2020-11-24T14:30:22","modified_gmt":"2020-11-24T13:30:22","slug":"most-michl","status":"publish","type":"post","link":"https:\/\/vitaminkistl.at\/index.php\/2020\/06\/22\/most-michl\/","title":{"rendered":"Most Michl"},"content":{"rendered":"<div id='full_slider_1'  class='avia-fullwidth-slider main_color avia-shadow   avia-builder-el-0  el_before_av_one_fifth  avia-builder-el-first   container_wrap sidebar_right'  ><div  class='avia-slideshow av-kbqhsfzr-c95b0188abc4695bdc28bc1a45293f32 avia-slideshow-no scaling av_slideshow_full avia-slide-slider av-slideshow-ui av-control-default av-slideshow-manual av-loop-once av-loop-manual-endless av-default-height-applied   avia-slideshow-1' data-slideshow-options=\"{&quot;animation&quot;:&quot;slide&quot;,&quot;autoplay&quot;:false,&quot;loop_autoplay&quot;:&quot;once&quot;,&quot;interval&quot;:5,&quot;loop_manual&quot;:&quot;manual-endless&quot;,&quot;autoplay_stopper&quot;:false,&quot;noNavigation&quot;:false,&quot;bg_slider&quot;:false,&quot;keep_padding&quot;:false,&quot;hoverpause&quot;:false,&quot;show_slide_delay&quot;:0}\"  itemprop=\"image\" itemscope=\"itemscope\" itemtype=\"https:\/\/schema.org\/ImageObject\" ><ul class='avia-slideshow-inner ' style='padding-bottom: 28.666666666667%;'><li  class='avia-slideshow-slide av-kbqhsfzr-c95b0188abc4695bdc28bc1a45293f32__0  av-single-slide slide-1 slide-odd'><div data-rel='slideshow-1' class='avia-slide-wrap '  title='Most Michl' ><img decoding=\"async\" fetchpriority=\"high\" class=\"wp-image-3699 avia-img-lazy-loading-not-3699\"  src=\"https:\/\/vitaminkistl.at\/wp-content\/uploads\/2020\/06\/1130-produzenten.jpg\" width=\"1500\" height=\"430\" title='Most Michl' alt='Most Michl'  itemprop=\"thumbnailUrl\" srcset=\"https:\/\/vitaminkistl.at\/wp-content\/uploads\/2020\/06\/1130-produzenten.jpg 1500w, https:\/\/vitaminkistl.at\/wp-content\/uploads\/2020\/06\/1130-produzenten-600x172.jpg 600w, https:\/\/vitaminkistl.at\/wp-content\/uploads\/2020\/06\/1130-produzenten-300x86.jpg 300w, https:\/\/vitaminkistl.at\/wp-content\/uploads\/2020\/06\/1130-produzenten-768x220.jpg 768w, https:\/\/vitaminkistl.at\/wp-content\/uploads\/2020\/06\/1130-produzenten-1030x295.jpg 1030w, https:\/\/vitaminkistl.at\/wp-content\/uploads\/2020\/06\/1130-produzenten-705x202.jpg 705w\" sizes=\"(max-width: 1500px) 100vw, 1500px\" \/><\/div><\/li><\/ul><\/div><\/div><div id='after_full_slider_1'  class='main_color av_default_container_wrap container_wrap sidebar_right'  ><div class='container av-section-cont-open' ><div class='template-page content  av-content-small alpha units'><div class='post-entry post-entry-type-page post-entry-3696'><div class='entry-content-wrapper clearfix'>\n\n<style type=\"text\/css\" data-created_by=\"avia_inline_auto\" id=\"style-css-av-62jvlc-2564d9b465ef3238013e4bdf97c84482\">\n.flex_column.av-62jvlc-2564d9b465ef3238013e4bdf97c84482{\nborder-radius:0px 0px 0px 0px;\npadding:0px 0px 0px 0px;\n}\n<\/style>\n<div  class='flex_column av-62jvlc-2564d9b465ef3238013e4bdf97c84482 av_one_fifth  avia-builder-el-1  el_after_av_slideshow_full  el_before_av_three_fifth  avia-builder-el-first  first flex_column_div av-zero-column-padding  '     ><\/div>\n\n<style type=\"text\/css\" data-created_by=\"avia_inline_auto\" id=\"style-css-av-4ejdtc-79bfa8ffd1cc743a4f8bc2b9306f70d6\">\n.flex_column.av-4ejdtc-79bfa8ffd1cc743a4f8bc2b9306f70d6{\nborder-radius:0px 0px 0px 0px;\npadding:0px 0px 0px 0px;\n}\n<\/style>\n<div  class='flex_column av-4ejdtc-79bfa8ffd1cc743a4f8bc2b9306f70d6 av_three_fifth  avia-builder-el-2  el_after_av_one_fifth  el_before_av_one_fifth  flex_column_div av-zero-column-padding  '     ><p>\n<style type=\"text\/css\" data-created_by=\"avia_inline_auto\" id=\"style-css-av-av_heading-3b3cad05fda319576ac8eddc1d6ba4b7\">\n#top .av-special-heading.av-av_heading-3b3cad05fda319576ac8eddc1d6ba4b7{\npadding-bottom:10px;\n}\nbody .av-special-heading.av-av_heading-3b3cad05fda319576ac8eddc1d6ba4b7 .av-special-heading-tag .heading-char{\nfont-size:25px;\n}\n.av-special-heading.av-av_heading-3b3cad05fda319576ac8eddc1d6ba4b7 .av-subheading{\nfont-size:15px;\n}\n<\/style>\n<div  class='av-special-heading av-av_heading-3b3cad05fda319576ac8eddc1d6ba4b7 av-special-heading-h3  avia-builder-el-3  el_before_av_textblock  avia-builder-el-first '><h3 class='av-special-heading-tag '  itemprop=\"headline\"  >Most Michl\u2019s Obstgenuss<\/h3><div class=\"special-heading-border\"><div class=\"special-heading-inner-border\"><\/div><\/div><\/div><br \/>\n<section  class='av_textblock_section av-kbqhq5b4-16dcfd1114aeb5ffbf0b88d1c827acd8 '   itemscope=\"itemscope\" itemtype=\"https:\/\/schema.org\/BlogPosting\" itemprop=\"blogPost\" ><div class='avia_textblock'  itemprop=\"text\" ><p>Die Edelmostschenke der Familie Simon befindet sich im s\u00fcdlichen Nieder\u00f6sterreich in der Ortschaft Mollram und wird seit 1968 als Familienbetrieb gef\u00fchrt. Ausg\u00b4steckt hat der Heurigenbetrieb f\u00fcnf Mal im Jahr und z\u00e4hlt zu einem der nieder\u00f6sterreichischen \u201eTop Heurige\u201c und \u201etut gut Wirte\u201c. Die eigene Bio-Obstanlage liefert nicht nur regionale, sondern auch frische Produkte, die von den Familienmitgliedern direkt nach der Ernte zu ihren k\u00f6stlichen Qualit\u00e4tss\u00e4ften weiterverarbeitet werden. Frische Qualit\u00e4tsprodukte zu produzieren ist ihr oberstes Ziel. Die eigene Tafelobstanlage, errichtet im Jahr 2013, stellt einen wichtigen Schritt in eine regionale und biologische Richtung dar, um Nachhaltigkeit und eine Schonung der Umwelt zu garantieren.<\/p>\n<p>Entdecke <a href=\"https:\/\/vitaminkistl.at\/index.php\/shop\/?filter_hersteller=most-michls-obstgenuss\">unsere Produkte!<\/a><\/p>\n<\/div><\/section><\/p><\/div>\n<style type=\"text\/css\" data-created_by=\"avia_inline_auto\" id=\"style-css-av-35ldcw-a214ee47830285e3ed92247fc2b1973a\">\n.flex_column.av-35ldcw-a214ee47830285e3ed92247fc2b1973a{\nborder-radius:0px 0px 0px 0px;\npadding:0px 0px 0px 0px;\n}\n<\/style>\n<div  class='flex_column av-35ldcw-a214ee47830285e3ed92247fc2b1973a av_one_fifth  avia-builder-el-5  el_after_av_three_fifth  avia-builder-el-last  flex_column_div av-zero-column-padding  '     ><\/div><\/p>\n","protected":false},"excerpt":{"rendered":"","protected":false},"author":1,"featured_media":3700,"comment_status":"open","ping_status":"open","sticky":false,"template":"","format":"standard","meta":{"footnotes":""},"categories":[38],"tags":[],"class_list":["post-3696","post","type-post","status-publish","format-standard","has-post-thumbnail","hentry","category-produzenten"],"yoast_head":"<!-- This site is optimized with the Yoast SEO plugin v27.4 - https:\/\/yoast.com\/product\/yoast-seo-wordpress\/ -->\n<title>Vitaminkistl - vitaminkistl.at - regional saisonal mit Liebe<\/title>\n<meta name=\"description\" content=\"Wir vom Vitaminkistl haben es uns zur Aufgabe gemacht, euch mit regionalen K\u00f6stlichkeiten zu verw\u00f6hnen.\" \/>\n<meta name=\"robots\" content=\"index, follow, max-snippet:-1, max-image-preview:large, max-video-preview:-1\" \/>\n<link rel=\"canonical\" href=\"https:\/\/vitaminkistl.at\/index.php\/2020\/06\/22\/most-michl\/\" \/>\n<meta property=\"og:locale\" content=\"de_DE\" \/>\n<meta property=\"og:type\" content=\"article\" \/>\n<meta property=\"og:title\" content=\"Vitaminkistl - vitaminkistl.at - regional saisonal mit Liebe\" \/>\n<meta property=\"og:description\" content=\"Wir vom Vitaminkistl haben es uns zur Aufgabe gemacht, euch mit regionalen K\u00f6stlichkeiten zu verw\u00f6hnen.\" \/>\n<meta property=\"og:url\" content=\"https:\/\/vitaminkistl.at\/index.php\/2020\/06\/22\/most-michl\/\" \/>\n<meta property=\"og:site_name\" content=\"vitaminkistl.at\" \/>\n<meta property=\"article:published_time\" content=\"2020-06-22T12:43:42+00:00\" \/>\n<meta property=\"article:modified_time\" content=\"2020-11-24T13:30:22+00:00\" \/>\n<meta property=\"og:image\" content=\"https:\/\/vitaminkistl.at\/wp-content\/uploads\/2020\/06\/1130-start.jpg\" \/>\n\t<meta property=\"og:image:width\" content=\"1920\" \/>\n\t<meta property=\"og:image:height\" content=\"1280\" \/>\n\t<meta property=\"og:image:type\" content=\"image\/jpeg\" \/>\n<meta name=\"author\" content=\"admin\" \/>\n<meta name=\"twitter:card\" content=\"summary_large_image\" \/>\n<meta name=\"twitter:label1\" content=\"Verfasst von\" \/>\n\t<meta name=\"twitter:data1\" content=\"admin\" \/>\n\t<meta name=\"twitter:label2\" content=\"Gesch\u00e4tzte Lesezeit\" \/>\n\t<meta name=\"twitter:data2\" content=\"3\u00a0Minuten\" \/>\n<script type=\"application\/ld+json\" class=\"yoast-schema-graph\">{\"@context\":\"https:\\\/\\\/schema.org\",\"@graph\":[{\"@type\":\"Article\",\"@id\":\"https:\\\/\\\/vitaminkistl.at\\\/index.php\\\/2020\\\/06\\\/22\\\/most-michl\\\/#article\",\"isPartOf\":{\"@id\":\"https:\\\/\\\/vitaminkistl.at\\\/index.php\\\/2020\\\/06\\\/22\\\/most-michl\\\/\"},\"author\":{\"name\":\"admin\",\"@id\":\"https:\\\/\\\/vitaminkistl.at\\\/#\\\/schema\\\/person\\\/ba3d2ff6748db9c36429cfecab741e44\"},\"headline\":\"Most Michl\",\"datePublished\":\"2020-06-22T12:43:42+00:00\",\"dateModified\":\"2020-11-24T13:30:22+00:00\",\"mainEntityOfPage\":{\"@id\":\"https:\\\/\\\/vitaminkistl.at\\\/index.php\\\/2020\\\/06\\\/22\\\/most-michl\\\/\"},\"wordCount\":612,\"commentCount\":0,\"publisher\":{\"@id\":\"https:\\\/\\\/vitaminkistl.at\\\/#organization\"},\"image\":{\"@id\":\"https:\\\/\\\/vitaminkistl.at\\\/index.php\\\/2020\\\/06\\\/22\\\/most-michl\\\/#primaryimage\"},\"thumbnailUrl\":\"https:\\\/\\\/vitaminkistl.at\\\/wp-content\\\/uploads\\\/2020\\\/06\\\/1130-start.jpg\",\"articleSection\":[\"Produzenten\"],\"inLanguage\":\"de\",\"potentialAction\":[{\"@type\":\"CommentAction\",\"name\":\"Comment\",\"target\":[\"https:\\\/\\\/vitaminkistl.at\\\/index.php\\\/2020\\\/06\\\/22\\\/most-michl\\\/#respond\"]}]},{\"@type\":\"WebPage\",\"@id\":\"https:\\\/\\\/vitaminkistl.at\\\/index.php\\\/2020\\\/06\\\/22\\\/most-michl\\\/\",\"url\":\"https:\\\/\\\/vitaminkistl.at\\\/index.php\\\/2020\\\/06\\\/22\\\/most-michl\\\/\",\"name\":\"Vitaminkistl - vitaminkistl.at - regional saisonal mit Liebe\",\"isPartOf\":{\"@id\":\"https:\\\/\\\/vitaminkistl.at\\\/#website\"},\"primaryImageOfPage\":{\"@id\":\"https:\\\/\\\/vitaminkistl.at\\\/index.php\\\/2020\\\/06\\\/22\\\/most-michl\\\/#primaryimage\"},\"image\":{\"@id\":\"https:\\\/\\\/vitaminkistl.at\\\/index.php\\\/2020\\\/06\\\/22\\\/most-michl\\\/#primaryimage\"},\"thumbnailUrl\":\"https:\\\/\\\/vitaminkistl.at\\\/wp-content\\\/uploads\\\/2020\\\/06\\\/1130-start.jpg\",\"datePublished\":\"2020-06-22T12:43:42+00:00\",\"dateModified\":\"2020-11-24T13:30:22+00:00\",\"description\":\"Wir vom Vitaminkistl haben es uns zur Aufgabe gemacht, euch mit regionalen K\u00f6stlichkeiten zu verw\u00f6hnen.\",\"breadcrumb\":{\"@id\":\"https:\\\/\\\/vitaminkistl.at\\\/index.php\\\/2020\\\/06\\\/22\\\/most-michl\\\/#breadcrumb\"},\"inLanguage\":\"de\",\"potentialAction\":[{\"@type\":\"ReadAction\",\"target\":[\"https:\\\/\\\/vitaminkistl.at\\\/index.php\\\/2020\\\/06\\\/22\\\/most-michl\\\/\"]}]},{\"@type\":\"ImageObject\",\"inLanguage\":\"de\",\"@id\":\"https:\\\/\\\/vitaminkistl.at\\\/index.php\\\/2020\\\/06\\\/22\\\/most-michl\\\/#primaryimage\",\"url\":\"https:\\\/\\\/vitaminkistl.at\\\/wp-content\\\/uploads\\\/2020\\\/06\\\/1130-start.jpg\",\"contentUrl\":\"https:\\\/\\\/vitaminkistl.at\\\/wp-content\\\/uploads\\\/2020\\\/06\\\/1130-start.jpg\",\"width\":1920,\"height\":1280,\"caption\":\"Most Michl\"},{\"@type\":\"BreadcrumbList\",\"@id\":\"https:\\\/\\\/vitaminkistl.at\\\/index.php\\\/2020\\\/06\\\/22\\\/most-michl\\\/#breadcrumb\",\"itemListElement\":[{\"@type\":\"ListItem\",\"position\":1,\"name\":\"Home\",\"item\":\"https:\\\/\\\/vitaminkistl.at\\\/index.php\\\/vitaminkistl\\\/\"},{\"@type\":\"ListItem\",\"position\":2,\"name\":\"Most Michl\"}]},{\"@type\":\"WebSite\",\"@id\":\"https:\\\/\\\/vitaminkistl.at\\\/#website\",\"url\":\"https:\\\/\\\/vitaminkistl.at\\\/\",\"name\":\"vitaminkistl.at\",\"description\":\"Das regionale Obst bzw. Gem\u00fcsekistl\",\"publisher\":{\"@id\":\"https:\\\/\\\/vitaminkistl.at\\\/#organization\"},\"potentialAction\":[{\"@type\":\"SearchAction\",\"target\":{\"@type\":\"EntryPoint\",\"urlTemplate\":\"https:\\\/\\\/vitaminkistl.at\\\/?s={search_term_string}\"},\"query-input\":{\"@type\":\"PropertyValueSpecification\",\"valueRequired\":true,\"valueName\":\"search_term_string\"}}],\"inLanguage\":\"de\"},{\"@type\":\"Organization\",\"@id\":\"https:\\\/\\\/vitaminkistl.at\\\/#organization\",\"name\":\"Vitaminkistl\",\"url\":\"https:\\\/\\\/vitaminkistl.at\\\/\",\"logo\":{\"@type\":\"ImageObject\",\"inLanguage\":\"de\",\"@id\":\"https:\\\/\\\/vitaminkistl.at\\\/#\\\/schema\\\/logo\\\/image\\\/\",\"url\":\"https:\\\/\\\/vitaminkistl.at\\\/wp-content\\\/uploads\\\/2020\\\/03\\\/Logo_Vitaminkistl_v1.png\",\"contentUrl\":\"https:\\\/\\\/vitaminkistl.at\\\/wp-content\\\/uploads\\\/2020\\\/03\\\/Logo_Vitaminkistl_v1.png\",\"width\":1036,\"height\":291,\"caption\":\"Vitaminkistl\"},\"image\":{\"@id\":\"https:\\\/\\\/vitaminkistl.at\\\/#\\\/schema\\\/logo\\\/image\\\/\"}},{\"@type\":\"Person\",\"@id\":\"https:\\\/\\\/vitaminkistl.at\\\/#\\\/schema\\\/person\\\/ba3d2ff6748db9c36429cfecab741e44\",\"name\":\"admin\",\"image\":{\"@type\":\"ImageObject\",\"inLanguage\":\"de\",\"@id\":\"https:\\\/\\\/secure.gravatar.com\\\/avatar\\\/96837d537a384549f20e1295e17fea510b152d6c7d926284c7b0af06a4b7d6c4?s=96&d=mm&r=g\",\"url\":\"https:\\\/\\\/secure.gravatar.com\\\/avatar\\\/96837d537a384549f20e1295e17fea510b152d6c7d926284c7b0af06a4b7d6c4?s=96&d=mm&r=g\",\"contentUrl\":\"https:\\\/\\\/secure.gravatar.com\\\/avatar\\\/96837d537a384549f20e1295e17fea510b152d6c7d926284c7b0af06a4b7d6c4?s=96&d=mm&r=g\",\"caption\":\"admin\"},\"url\":\"https:\\\/\\\/vitaminkistl.at\\\/index.php\\\/author\\\/admin\\\/\"}]}<\/script>\n<!-- \/ Yoast SEO plugin. -->","yoast_head_json":{"title":"Vitaminkistl - vitaminkistl.at - regional saisonal mit Liebe","description":"Wir vom Vitaminkistl haben es uns zur Aufgabe gemacht, euch mit regionalen K\u00f6stlichkeiten zu verw\u00f6hnen.","robots":{"index":"index","follow":"follow","max-snippet":"max-snippet:-1","max-image-preview":"max-image-preview:large","max-video-preview":"max-video-preview:-1"},"canonical":"https:\/\/vitaminkistl.at\/index.php\/2020\/06\/22\/most-michl\/","og_locale":"de_DE","og_type":"article","og_title":"Vitaminkistl - vitaminkistl.at - regional saisonal mit Liebe","og_description":"Wir vom Vitaminkistl haben es uns zur Aufgabe gemacht, euch mit regionalen K\u00f6stlichkeiten zu verw\u00f6hnen.","og_url":"https:\/\/vitaminkistl.at\/index.php\/2020\/06\/22\/most-michl\/","og_site_name":"vitaminkistl.at","article_published_time":"2020-06-22T12:43:42+00:00","article_modified_time":"2020-11-24T13:30:22+00:00","og_image":[{"width":1920,"height":1280,"url":"https:\/\/vitaminkistl.at\/wp-content\/uploads\/2020\/06\/1130-start.jpg","type":"image\/jpeg"}],"author":"admin","twitter_card":"summary_large_image","twitter_misc":{"Verfasst von":"admin","Gesch\u00e4tzte Lesezeit":"3\u00a0Minuten"},"schema":{"@context":"https:\/\/schema.org","@graph":[{"@type":"Article","@id":"https:\/\/vitaminkistl.at\/index.php\/2020\/06\/22\/most-michl\/#article","isPartOf":{"@id":"https:\/\/vitaminkistl.at\/index.php\/2020\/06\/22\/most-michl\/"},"author":{"name":"admin","@id":"https:\/\/vitaminkistl.at\/#\/schema\/person\/ba3d2ff6748db9c36429cfecab741e44"},"headline":"Most Michl","datePublished":"2020-06-22T12:43:42+00:00","dateModified":"2020-11-24T13:30:22+00:00","mainEntityOfPage":{"@id":"https:\/\/vitaminkistl.at\/index.php\/2020\/06\/22\/most-michl\/"},"wordCount":612,"commentCount":0,"publisher":{"@id":"https:\/\/vitaminkistl.at\/#organization"},"image":{"@id":"https:\/\/vitaminkistl.at\/index.php\/2020\/06\/22\/most-michl\/#primaryimage"},"thumbnailUrl":"https:\/\/vitaminkistl.at\/wp-content\/uploads\/2020\/06\/1130-start.jpg","articleSection":["Produzenten"],"inLanguage":"de","potentialAction":[{"@type":"CommentAction","name":"Comment","target":["https:\/\/vitaminkistl.at\/index.php\/2020\/06\/22\/most-michl\/#respond"]}]},{"@type":"WebPage","@id":"https:\/\/vitaminkistl.at\/index.php\/2020\/06\/22\/most-michl\/","url":"https:\/\/vitaminkistl.at\/index.php\/2020\/06\/22\/most-michl\/","name":"Vitaminkistl - vitaminkistl.at - regional saisonal mit Liebe","isPartOf":{"@id":"https:\/\/vitaminkistl.at\/#website"},"primaryImageOfPage":{"@id":"https:\/\/vitaminkistl.at\/index.php\/2020\/06\/22\/most-michl\/#primaryimage"},"image":{"@id":"https:\/\/vitaminkistl.at\/index.php\/2020\/06\/22\/most-michl\/#primaryimage"},"thumbnailUrl":"https:\/\/vitaminkistl.at\/wp-content\/uploads\/2020\/06\/1130-start.jpg","datePublished":"2020-06-22T12:43:42+00:00","dateModified":"2020-11-24T13:30:22+00:00","description":"Wir vom Vitaminkistl haben es uns zur Aufgabe gemacht, euch mit regionalen K\u00f6stlichkeiten zu verw\u00f6hnen.","breadcrumb":{"@id":"https:\/\/vitaminkistl.at\/index.php\/2020\/06\/22\/most-michl\/#breadcrumb"},"inLanguage":"de","potentialAction":[{"@type":"ReadAction","target":["https:\/\/vitaminkistl.at\/index.php\/2020\/06\/22\/most-michl\/"]}]},{"@type":"ImageObject","inLanguage":"de","@id":"https:\/\/vitaminkistl.at\/index.php\/2020\/06\/22\/most-michl\/#primaryimage","url":"https:\/\/vitaminkistl.at\/wp-content\/uploads\/2020\/06\/1130-start.jpg","contentUrl":"https:\/\/vitaminkistl.at\/wp-content\/uploads\/2020\/06\/1130-start.jpg","width":1920,"height":1280,"caption":"Most Michl"},{"@type":"BreadcrumbList","@id":"https:\/\/vitaminkistl.at\/index.php\/2020\/06\/22\/most-michl\/#breadcrumb","itemListElement":[{"@type":"ListItem","position":1,"name":"Home","item":"https:\/\/vitaminkistl.at\/index.php\/vitaminkistl\/"},{"@type":"ListItem","position":2,"name":"Most Michl"}]},{"@type":"WebSite","@id":"https:\/\/vitaminkistl.at\/#website","url":"https:\/\/vitaminkistl.at\/","name":"vitaminkistl.at","description":"Das regionale Obst bzw. Gem\u00fcsekistl","publisher":{"@id":"https:\/\/vitaminkistl.at\/#organization"},"potentialAction":[{"@type":"SearchAction","target":{"@type":"EntryPoint","urlTemplate":"https:\/\/vitaminkistl.at\/?s={search_term_string}"},"query-input":{"@type":"PropertyValueSpecification","valueRequired":true,"valueName":"search_term_string"}}],"inLanguage":"de"},{"@type":"Organization","@id":"https:\/\/vitaminkistl.at\/#organization","name":"Vitaminkistl","url":"https:\/\/vitaminkistl.at\/","logo":{"@type":"ImageObject","inLanguage":"de","@id":"https:\/\/vitaminkistl.at\/#\/schema\/logo\/image\/","url":"https:\/\/vitaminkistl.at\/wp-content\/uploads\/2020\/03\/Logo_Vitaminkistl_v1.png","contentUrl":"https:\/\/vitaminkistl.at\/wp-content\/uploads\/2020\/03\/Logo_Vitaminkistl_v1.png","width":1036,"height":291,"caption":"Vitaminkistl"},"image":{"@id":"https:\/\/vitaminkistl.at\/#\/schema\/logo\/image\/"}},{"@type":"Person","@id":"https:\/\/vitaminkistl.at\/#\/schema\/person\/ba3d2ff6748db9c36429cfecab741e44","name":"admin","image":{"@type":"ImageObject","inLanguage":"de","@id":"https:\/\/secure.gravatar.com\/avatar\/96837d537a384549f20e1295e17fea510b152d6c7d926284c7b0af06a4b7d6c4?s=96&d=mm&r=g","url":"https:\/\/secure.gravatar.com\/avatar\/96837d537a384549f20e1295e17fea510b152d6c7d926284c7b0af06a4b7d6c4?s=96&d=mm&r=g","contentUrl":"https:\/\/secure.gravatar.com\/avatar\/96837d537a384549f20e1295e17fea510b152d6c7d926284c7b0af06a4b7d6c4?s=96&d=mm&r=g","caption":"admin"},"url":"https:\/\/vitaminkistl.at\/index.php\/author\/admin\/"}]}},"_links":{"self":[{"href":"https:\/\/vitaminkistl.at\/index.php\/wp-json\/wp\/v2\/posts\/3696","targetHints":{"allow":["GET"]}}],"collection":[{"href":"https:\/\/vitaminkistl.at\/index.php\/wp-json\/wp\/v2\/posts"}],"about":[{"href":"https:\/\/vitaminkistl.at\/index.php\/wp-json\/wp\/v2\/types\/post"}],"author":[{"embeddable":true,"href":"https:\/\/vitaminkistl.at\/index.php\/wp-json\/wp\/v2\/users\/1"}],"replies":[{"embeddable":true,"href":"https:\/\/vitaminkistl.at\/index.php\/wp-json\/wp\/v2\/comments?post=3696"}],"version-history":[{"count":4,"href":"https:\/\/vitaminkistl.at\/index.php\/wp-json\/wp\/v2\/posts\/3696\/revisions"}],"predecessor-version":[{"id":5191,"href":"https:\/\/vitaminkistl.at\/index.php\/wp-json\/wp\/v2\/posts\/3696\/revisions\/5191"}],"wp:featuredmedia":[{"embeddable":true,"href":"https:\/\/vitaminkistl.at\/index.php\/wp-json\/wp\/v2\/media\/3700"}],"wp:attachment":[{"href":"https:\/\/vitaminkistl.at\/index.php\/wp-json\/wp\/v2\/media?parent=3696"}],"wp:term":[{"taxonomy":"category","embeddable":true,"href":"https:\/\/vitaminkistl.at\/index.php\/wp-json\/wp\/v2\/categories?post=3696"},{"taxonomy":"post_tag","embeddable":true,"href":"https:\/\/vitaminkistl.at\/index.php\/wp-json\/wp\/v2\/tags?post=3696"}],"curies":[{"name":"wp","href":"https:\/\/api.w.org\/{rel}","templated":true}]}}